{"id":3956,"date":"2025-09-29T11:00:07","date_gmt":"2025-09-29T09:00:07","guid":{"rendered":"https:\/\/leren-zonder-grenzen.com\/mittelstuefenprojkct-2025\/"},"modified":"2025-11-03T12:55:47","modified_gmt":"2025-11-03T11:55:47","slug":"projekt-moebelgestaltung-2025","status":"publish","type":"post","link":"https:\/\/leren-zonder-grenzen.com\/de\/projekt-moebelgestaltung-2025\/","title":{"rendered":"Projekt M\u00f6belgestaltung 2025"},"content":{"rendered":"<p style=\"text-align: left;\">Im April dieses Jahres fuhr die Klasse 2OM4V nach Steinfurt, um dort das Mittelstufenprojekt zu bewerten. Dieses Projekt wird von BOL\/BBL-Auszubildenden des Niveaus 3 durchgef\u00fchrt, die sich zu diesem Zeitpunkt im zweiten Ausbildungsjahr befanden.<span class=\"LineBreakBlob BlobObject DragDrop SCXW65159813 BCX0\"> \u00a0<\/span>Es handelt sich um ein Kleinprojekt, das jedoch bereits alle Elemente enth\u00e4lt, die auch in der praktischen Abschluss-bewertung auf Niveau 2 vorkommen \u2013 also Entwurfsskizze, SketchUp-Zeichnung, technische Zeichnung, Materialliste und Arbeitsablaufplanung. Das Projekt begann im September 2024, und in den Aprilwochen durften die Studierenden ihr M\u00f6belst\u00fcck herstellen, wobei sie eine Produktionszeit von 16 bis 20 Stunden einhalten mussten.<\/p>\n<p>&nbsp;<\/p>\n<p><strong>Bewertung<\/strong><\/p>\n<p><span class=\"TextRun SCXW65159813 BCX0\" lang=\"NL-NL\" xml:lang=\"NL-NL\" data-contrast=\"auto\">Die niederl\u00e4ndischen Auszubildenden wurden jeweils in Gruppen von zwei bis drei deutschen Auszubildenden zugeordnet und durften insgesamt zehn M\u00f6belst\u00fccke bewerten. Die deutschen Auszubildenden stellten die M\u00f6belst\u00fccke her, wobei darauf geachtet wurde, dass niemand sein eigenes Werk bewertete.<\/span><\/p>\n<p style=\"text-align: left;\"><span class=\"TextRun SCXW65159813 BCX0\" lang=\"NL-NL\" xml:lang=\"NL-NL\" data-contrast=\"auto\">Die Bewertung erfolgte auf einer Skala von 200 Punkten \u2013 100 Punkte f\u00fcr das M\u00f6belst\u00fcck selbst und 100 Punkte f\u00fcr die schriftliche Ausarbeitung bzw. das Projektbuch. Am Ende wurden ein erster, zweiter und dritter Preis sowie drei \u201eRunner-ups\u201c vergeben. Die Preistr\u00e4ger*innen erhielten jeweils eine sch\u00f6ne japanische S\u00e4ge als Geschenk. F\u00fcr die niederl\u00e4ndischen Auszubildenden war der Tag sehr lehrreich: Sie sammelten Ideen f\u00fcr ihre eigenen Werke und erkannten zugleich, was sie besser vermeiden sollten. Alle beteiligten sich mit gro\u00dfer Begeisterung \u2013 auch wenn die Kommunikation auf ganz unterschiedliche Weise erfolgte: auf Deutsch, Englisch, mit H\u00e4nden und F\u00fc\u00dfen, durch Zeigen oder mithilfe von Google Translate<\/span>.<\/p>\n","protected":false},"excerpt":{"rendered":"<p>Im April dieses Jahres fuhr die Klasse 2OM4V nach Steinfurt, um dort das Mittelstufenprojekt zu bewerten. Dieses Projekt wird von BOL\/BBL-Auszubildenden des Niveaus 3 durchgef\u00fchrt, die sich zu diesem Zeitpunkt im zweiten Ausbildungsjahr befanden. \u00a0Es handelt sich um ein Kleinprojekt, das jedoch bereits alle Elemente enth\u00e4lt, die auch in der praktischen Abschluss-bewertung auf Niveau 2 [&hellip;]<\/p>\n","protected":false},"author":19,"featured_media":3929,"comment_status":"closed","ping_status":"closed","sticky":false,"template":"","format":"standard","meta":{"_acf_changed":false,"footnotes":""},"categories":[45],"tags":[],"class_list":["post-3956","post","type-post","status-publish","format-standard","has-post-thumbnail","hentry","category-bericht"],"acf":[],"yoast_head":"<!-- This site is optimized with the Yoast SEO plugin v27.4 - https:\/\/yoast.com\/product\/yoast-seo-wordpress\/ -->\n<title>Projekt M\u00f6belgestaltung 2025 - Lernen ohne Grenzen<\/title>\n<meta name=\"robots\" content=\"index, follow, max-snippet:-1, max-image-preview:large, max-video-preview:-1\" \/>\n<link rel=\"canonical\" href=\"https:\/\/leren-zonder-grenzen.com\/de\/projekt-moebelgestaltung-2025\/\" \/>\n<meta property=\"og:locale\" content=\"de_DE\" \/>\n<meta property=\"og:type\" content=\"article\" \/>\n<meta property=\"og:title\" content=\"Projekt M\u00f6belgestaltung 2025 - Lernen ohne Grenzen\" \/>\n<meta property=\"og:description\" content=\"Im April dieses Jahres fuhr die Klasse 2OM4V nach Steinfurt, um dort das Mittelstufenprojekt zu bewerten. Dieses Projekt wird von BOL\/BBL-Auszubildenden des Niveaus 3 durchgef\u00fchrt, die sich zu diesem Zeitpunkt im zweiten Ausbildungsjahr befanden. \u00a0Es handelt sich um ein Kleinprojekt, das jedoch bereits alle Elemente enth\u00e4lt, die auch in der praktischen Abschluss-bewertung auf Niveau 2 [&hellip;]\" \/>\n<meta property=\"og:url\" content=\"https:\/\/leren-zonder-grenzen.com\/de\/projekt-moebelgestaltung-2025\/\" \/>\n<meta property=\"og:site_name\" content=\"Lernen ohne Grenzen\" \/>\n<meta property=\"article:publisher\" content=\"https:\/\/www.facebook.com\/profile.php?id=100047355472830\" \/>\n<meta property=\"article:published_time\" content=\"2025-09-29T09:00:07+00:00\" \/>\n<meta property=\"article:modified_time\" content=\"2025-11-03T11:55:47+00:00\" \/>\n<meta property=\"og:image\" content=\"https:\/\/leren-zonder-grenzen.com\/wp-content\/uploads\/2025\/09\/Mittelstufenproject.jpg\" \/>\n\t<meta property=\"og:image:width\" content=\"2019\" \/>\n\t<meta property=\"og:image:height\" content=\"1142\" \/>\n\t<meta property=\"og:image:type\" content=\"image\/jpeg\" \/>\n<meta name=\"author\" content=\"Bert Dikken\" \/>\n<meta name=\"twitter:card\" content=\"summary_large_image\" \/>\n<meta name=\"twitter:label1\" content=\"Verfasst von\" \/>\n\t<meta name=\"twitter:data1\" content=\"Bert Dikken\" \/>\n\t<meta name=\"twitter:label2\" content=\"Gesch\u00e4tzte Lesezeit\" \/>\n\t<meta name=\"twitter:data2\" content=\"2\u00a0Minuten\" \/>\n<script type=\"application\/ld+json\" class=\"yoast-schema-graph\">{\"@context\":\"https:\\\/\\\/schema.org\",\"@graph\":[{\"@type\":\"Article\",\"@id\":\"https:\\\/\\\/leren-zonder-grenzen.com\\\/de\\\/projekt-moebelgestaltung-2025\\\/#article\",\"isPartOf\":{\"@id\":\"https:\\\/\\\/leren-zonder-grenzen.com\\\/de\\\/projekt-moebelgestaltung-2025\\\/\"},\"author\":{\"name\":\"Bert Dikken\",\"@id\":\"https:\\\/\\\/leren-zonder-grenzen.com\\\/de\\\/#\\\/schema\\\/person\\\/0f481e6407b46357b471d9ce4454bbf0\"},\"headline\":\"Projekt M\u00f6belgestaltung 2025\",\"datePublished\":\"2025-09-29T09:00:07+00:00\",\"dateModified\":\"2025-11-03T11:55:47+00:00\",\"mainEntityOfPage\":{\"@id\":\"https:\\\/\\\/leren-zonder-grenzen.com\\\/de\\\/projekt-moebelgestaltung-2025\\\/\"},\"wordCount\":251,\"publisher\":{\"@id\":\"https:\\\/\\\/leren-zonder-grenzen.com\\\/de\\\/#organization\"},\"image\":{\"@id\":\"https:\\\/\\\/leren-zonder-grenzen.com\\\/de\\\/projekt-moebelgestaltung-2025\\\/#primaryimage\"},\"thumbnailUrl\":\"https:\\\/\\\/leren-zonder-grenzen.com\\\/wp-content\\\/uploads\\\/2025\\\/09\\\/Mittelstufenproject.jpg\",\"articleSection\":[\"Nachricht\"],\"inLanguage\":\"de\"},{\"@type\":\"WebPage\",\"@id\":\"https:\\\/\\\/leren-zonder-grenzen.com\\\/de\\\/projekt-moebelgestaltung-2025\\\/\",\"url\":\"https:\\\/\\\/leren-zonder-grenzen.com\\\/de\\\/projekt-moebelgestaltung-2025\\\/\",\"name\":\"Projekt M\u00f6belgestaltung 2025 - Lernen ohne Grenzen\",\"isPartOf\":{\"@id\":\"https:\\\/\\\/leren-zonder-grenzen.com\\\/de\\\/#website\"},\"primaryImageOfPage\":{\"@id\":\"https:\\\/\\\/leren-zonder-grenzen.com\\\/de\\\/projekt-moebelgestaltung-2025\\\/#primaryimage\"},\"image\":{\"@id\":\"https:\\\/\\\/leren-zonder-grenzen.com\\\/de\\\/projekt-moebelgestaltung-2025\\\/#primaryimage\"},\"thumbnailUrl\":\"https:\\\/\\\/leren-zonder-grenzen.com\\\/wp-content\\\/uploads\\\/2025\\\/09\\\/Mittelstufenproject.jpg\",\"datePublished\":\"2025-09-29T09:00:07+00:00\",\"dateModified\":\"2025-11-03T11:55:47+00:00\",\"breadcrumb\":{\"@id\":\"https:\\\/\\\/leren-zonder-grenzen.com\\\/de\\\/projekt-moebelgestaltung-2025\\\/#breadcrumb\"},\"inLanguage\":\"de\",\"potentialAction\":[{\"@type\":\"ReadAction\",\"target\":[\"https:\\\/\\\/leren-zonder-grenzen.com\\\/de\\\/projekt-moebelgestaltung-2025\\\/\"]}]},{\"@type\":\"ImageObject\",\"inLanguage\":\"de\",\"@id\":\"https:\\\/\\\/leren-zonder-grenzen.com\\\/de\\\/projekt-moebelgestaltung-2025\\\/#primaryimage\",\"url\":\"https:\\\/\\\/leren-zonder-grenzen.com\\\/wp-content\\\/uploads\\\/2025\\\/09\\\/Mittelstufenproject.jpg\",\"contentUrl\":\"https:\\\/\\\/leren-zonder-grenzen.com\\\/wp-content\\\/uploads\\\/2025\\\/09\\\/Mittelstufenproject.jpg\",\"width\":2019,\"height\":1142},{\"@type\":\"BreadcrumbList\",\"@id\":\"https:\\\/\\\/leren-zonder-grenzen.com\\\/de\\\/projekt-moebelgestaltung-2025\\\/#breadcrumb\",\"itemListElement\":[{\"@type\":\"ListItem\",\"position\":1,\"name\":\"Home\",\"item\":\"https:\\\/\\\/leren-zonder-grenzen.com\\\/de\\\/home\\\/\"},{\"@type\":\"ListItem\",\"position\":2,\"name\":\"Projekt M\u00f6belgestaltung 2025\"}]},{\"@type\":\"WebSite\",\"@id\":\"https:\\\/\\\/leren-zonder-grenzen.com\\\/de\\\/#website\",\"url\":\"https:\\\/\\\/leren-zonder-grenzen.com\\\/de\\\/\",\"name\":\"Lernen ohne Grenzen\",\"description\":\"Grenzenlos entdecken\",\"publisher\":{\"@id\":\"https:\\\/\\\/leren-zonder-grenzen.com\\\/de\\\/#organization\"},\"alternateName\":\"LZG\",\"potentialAction\":[{\"@type\":\"SearchAction\",\"target\":{\"@type\":\"EntryPoint\",\"urlTemplate\":\"https:\\\/\\\/leren-zonder-grenzen.com\\\/de\\\/?s={search_term_string}\"},\"query-input\":{\"@type\":\"PropertyValueSpecification\",\"valueRequired\":true,\"valueName\":\"search_term_string\"}}],\"inLanguage\":\"de\"},{\"@type\":\"Organization\",\"@id\":\"https:\\\/\\\/leren-zonder-grenzen.com\\\/de\\\/#organization\",\"name\":\"Leren zonder grenzen\",\"alternateName\":\"LZG\",\"url\":\"https:\\\/\\\/leren-zonder-grenzen.com\\\/de\\\/\",\"logo\":{\"@type\":\"ImageObject\",\"inLanguage\":\"de\",\"@id\":\"https:\\\/\\\/leren-zonder-grenzen.com\\\/de\\\/#\\\/schema\\\/logo\\\/image\\\/\",\"url\":\"https:\\\/\\\/leren-zonder-grenzen.com\\\/wp-content\\\/uploads\\\/2022\\\/12\\\/header-logo-leren-zonder-grenzen.svg\",\"contentUrl\":\"https:\\\/\\\/leren-zonder-grenzen.com\\\/wp-content\\\/uploads\\\/2022\\\/12\\\/header-logo-leren-zonder-grenzen.svg\",\"width\":126,\"height\":181,\"caption\":\"Leren zonder grenzen\"},\"image\":{\"@id\":\"https:\\\/\\\/leren-zonder-grenzen.com\\\/de\\\/#\\\/schema\\\/logo\\\/image\\\/\"},\"sameAs\":[\"https:\\\/\\\/www.facebook.com\\\/profile.php?id=100047355472830\"]},{\"@type\":\"Person\",\"@id\":\"https:\\\/\\\/leren-zonder-grenzen.com\\\/de\\\/#\\\/schema\\\/person\\\/0f481e6407b46357b471d9ce4454bbf0\",\"name\":\"Bert Dikken\",\"image\":{\"@type\":\"ImageObject\",\"inLanguage\":\"de\",\"@id\":\"https:\\\/\\\/secure.gravatar.com\\\/avatar\\\/01517c9316faa082c0a02abe3c75e9182c4fe2de24f59c9afe3ca48a8d87b3b9?s=96&d=mm&r=g\",\"url\":\"https:\\\/\\\/secure.gravatar.com\\\/avatar\\\/01517c9316faa082c0a02abe3c75e9182c4fe2de24f59c9afe3ca48a8d87b3b9?s=96&d=mm&r=g\",\"contentUrl\":\"https:\\\/\\\/secure.gravatar.com\\\/avatar\\\/01517c9316faa082c0a02abe3c75e9182c4fe2de24f59c9afe3ca48a8d87b3b9?s=96&d=mm&r=g\",\"caption\":\"Bert Dikken\"}}]}<\/script>\n<!-- \/ Yoast SEO plugin. -->","yoast_head_json":{"title":"Projekt M\u00f6belgestaltung 2025 - Lernen ohne Grenzen","robots":{"index":"index","follow":"follow","max-snippet":"max-snippet:-1","max-image-preview":"max-image-preview:large","max-video-preview":"max-video-preview:-1"},"canonical":"https:\/\/leren-zonder-grenzen.com\/de\/projekt-moebelgestaltung-2025\/","og_locale":"de_DE","og_type":"article","og_title":"Projekt M\u00f6belgestaltung 2025 - Lernen ohne Grenzen","og_description":"Im April dieses Jahres fuhr die Klasse 2OM4V nach Steinfurt, um dort das Mittelstufenprojekt zu bewerten. Dieses Projekt wird von BOL\/BBL-Auszubildenden des Niveaus 3 durchgef\u00fchrt, die sich zu diesem Zeitpunkt im zweiten Ausbildungsjahr befanden. \u00a0Es handelt sich um ein Kleinprojekt, das jedoch bereits alle Elemente enth\u00e4lt, die auch in der praktischen Abschluss-bewertung auf Niveau 2 [&hellip;]","og_url":"https:\/\/leren-zonder-grenzen.com\/de\/projekt-moebelgestaltung-2025\/","og_site_name":"Lernen ohne Grenzen","article_publisher":"https:\/\/www.facebook.com\/profile.php?id=100047355472830","article_published_time":"2025-09-29T09:00:07+00:00","article_modified_time":"2025-11-03T11:55:47+00:00","og_image":[{"width":2019,"height":1142,"url":"https:\/\/leren-zonder-grenzen.com\/wp-content\/uploads\/2025\/09\/Mittelstufenproject.jpg","type":"image\/jpeg"}],"author":"Bert Dikken","twitter_card":"summary_large_image","twitter_misc":{"Verfasst von":"Bert Dikken","Gesch\u00e4tzte Lesezeit":"2\u00a0Minuten"},"schema":{"@context":"https:\/\/schema.org","@graph":[{"@type":"Article","@id":"https:\/\/leren-zonder-grenzen.com\/de\/projekt-moebelgestaltung-2025\/#article","isPartOf":{"@id":"https:\/\/leren-zonder-grenzen.com\/de\/projekt-moebelgestaltung-2025\/"},"author":{"name":"Bert Dikken","@id":"https:\/\/leren-zonder-grenzen.com\/de\/#\/schema\/person\/0f481e6407b46357b471d9ce4454bbf0"},"headline":"Projekt M\u00f6belgestaltung 2025","datePublished":"2025-09-29T09:00:07+00:00","dateModified":"2025-11-03T11:55:47+00:00","mainEntityOfPage":{"@id":"https:\/\/leren-zonder-grenzen.com\/de\/projekt-moebelgestaltung-2025\/"},"wordCount":251,"publisher":{"@id":"https:\/\/leren-zonder-grenzen.com\/de\/#organization"},"image":{"@id":"https:\/\/leren-zonder-grenzen.com\/de\/projekt-moebelgestaltung-2025\/#primaryimage"},"thumbnailUrl":"https:\/\/leren-zonder-grenzen.com\/wp-content\/uploads\/2025\/09\/Mittelstufenproject.jpg","articleSection":["Nachricht"],"inLanguage":"de"},{"@type":"WebPage","@id":"https:\/\/leren-zonder-grenzen.com\/de\/projekt-moebelgestaltung-2025\/","url":"https:\/\/leren-zonder-grenzen.com\/de\/projekt-moebelgestaltung-2025\/","name":"Projekt M\u00f6belgestaltung 2025 - Lernen ohne Grenzen","isPartOf":{"@id":"https:\/\/leren-zonder-grenzen.com\/de\/#website"},"primaryImageOfPage":{"@id":"https:\/\/leren-zonder-grenzen.com\/de\/projekt-moebelgestaltung-2025\/#primaryimage"},"image":{"@id":"https:\/\/leren-zonder-grenzen.com\/de\/projekt-moebelgestaltung-2025\/#primaryimage"},"thumbnailUrl":"https:\/\/leren-zonder-grenzen.com\/wp-content\/uploads\/2025\/09\/Mittelstufenproject.jpg","datePublished":"2025-09-29T09:00:07+00:00","dateModified":"2025-11-03T11:55:47+00:00","breadcrumb":{"@id":"https:\/\/leren-zonder-grenzen.com\/de\/projekt-moebelgestaltung-2025\/#breadcrumb"},"inLanguage":"de","potentialAction":[{"@type":"ReadAction","target":["https:\/\/leren-zonder-grenzen.com\/de\/projekt-moebelgestaltung-2025\/"]}]},{"@type":"ImageObject","inLanguage":"de","@id":"https:\/\/leren-zonder-grenzen.com\/de\/projekt-moebelgestaltung-2025\/#primaryimage","url":"https:\/\/leren-zonder-grenzen.com\/wp-content\/uploads\/2025\/09\/Mittelstufenproject.jpg","contentUrl":"https:\/\/leren-zonder-grenzen.com\/wp-content\/uploads\/2025\/09\/Mittelstufenproject.jpg","width":2019,"height":1142},{"@type":"BreadcrumbList","@id":"https:\/\/leren-zonder-grenzen.com\/de\/projekt-moebelgestaltung-2025\/#breadcrumb","itemListElement":[{"@type":"ListItem","position":1,"name":"Home","item":"https:\/\/leren-zonder-grenzen.com\/de\/home\/"},{"@type":"ListItem","position":2,"name":"Projekt M\u00f6belgestaltung 2025"}]},{"@type":"WebSite","@id":"https:\/\/leren-zonder-grenzen.com\/de\/#website","url":"https:\/\/leren-zonder-grenzen.com\/de\/","name":"Lernen ohne Grenzen","description":"Grenzenlos entdecken","publisher":{"@id":"https:\/\/leren-zonder-grenzen.com\/de\/#organization"},"alternateName":"LZG","potentialAction":[{"@type":"SearchAction","target":{"@type":"EntryPoint","urlTemplate":"https:\/\/leren-zonder-grenzen.com\/de\/?s={search_term_string}"},"query-input":{"@type":"PropertyValueSpecification","valueRequired":true,"valueName":"search_term_string"}}],"inLanguage":"de"},{"@type":"Organization","@id":"https:\/\/leren-zonder-grenzen.com\/de\/#organization","name":"Leren zonder grenzen","alternateName":"LZG","url":"https:\/\/leren-zonder-grenzen.com\/de\/","logo":{"@type":"ImageObject","inLanguage":"de","@id":"https:\/\/leren-zonder-grenzen.com\/de\/#\/schema\/logo\/image\/","url":"https:\/\/leren-zonder-grenzen.com\/wp-content\/uploads\/2022\/12\/header-logo-leren-zonder-grenzen.svg","contentUrl":"https:\/\/leren-zonder-grenzen.com\/wp-content\/uploads\/2022\/12\/header-logo-leren-zonder-grenzen.svg","width":126,"height":181,"caption":"Leren zonder grenzen"},"image":{"@id":"https:\/\/leren-zonder-grenzen.com\/de\/#\/schema\/logo\/image\/"},"sameAs":["https:\/\/www.facebook.com\/profile.php?id=100047355472830"]},{"@type":"Person","@id":"https:\/\/leren-zonder-grenzen.com\/de\/#\/schema\/person\/0f481e6407b46357b471d9ce4454bbf0","name":"Bert Dikken","image":{"@type":"ImageObject","inLanguage":"de","@id":"https:\/\/secure.gravatar.com\/avatar\/01517c9316faa082c0a02abe3c75e9182c4fe2de24f59c9afe3ca48a8d87b3b9?s=96&d=mm&r=g","url":"https:\/\/secure.gravatar.com\/avatar\/01517c9316faa082c0a02abe3c75e9182c4fe2de24f59c9afe3ca48a8d87b3b9?s=96&d=mm&r=g","contentUrl":"https:\/\/secure.gravatar.com\/avatar\/01517c9316faa082c0a02abe3c75e9182c4fe2de24f59c9afe3ca48a8d87b3b9?s=96&d=mm&r=g","caption":"Bert Dikken"}}]}},"_links":{"self":[{"href":"https:\/\/leren-zonder-grenzen.com\/de\/wp-json\/wp\/v2\/posts\/3956","targetHints":{"allow":["GET"]}}],"collection":[{"href":"https:\/\/leren-zonder-grenzen.com\/de\/wp-json\/wp\/v2\/posts"}],"about":[{"href":"https:\/\/leren-zonder-grenzen.com\/de\/wp-json\/wp\/v2\/types\/post"}],"author":[{"embeddable":true,"href":"https:\/\/leren-zonder-grenzen.com\/de\/wp-json\/wp\/v2\/users\/19"}],"replies":[{"embeddable":true,"href":"https:\/\/leren-zonder-grenzen.com\/de\/wp-json\/wp\/v2\/comments?post=3956"}],"version-history":[{"count":5,"href":"https:\/\/leren-zonder-grenzen.com\/de\/wp-json\/wp\/v2\/posts\/3956\/revisions"}],"predecessor-version":[{"id":3994,"href":"https:\/\/leren-zonder-grenzen.com\/de\/wp-json\/wp\/v2\/posts\/3956\/revisions\/3994"}],"wp:featuredmedia":[{"embeddable":true,"href":"https:\/\/leren-zonder-grenzen.com\/de\/wp-json\/wp\/v2\/media\/3929"}],"wp:attachment":[{"href":"https:\/\/leren-zonder-grenzen.com\/de\/wp-json\/wp\/v2\/media?parent=3956"}],"wp:term":[{"taxonomy":"category","embeddable":true,"href":"https:\/\/leren-zonder-grenzen.com\/de\/wp-json\/wp\/v2\/categories?post=3956"},{"taxonomy":"post_tag","embeddable":true,"href":"https:\/\/leren-zonder-grenzen.com\/de\/wp-json\/wp\/v2\/tags?post=3956"}],"curies":[{"name":"wp","href":"https:\/\/api.w.org\/{rel}","templated":true}]}}