{"id":4001,"date":"2025-09-29T12:13:07","date_gmt":"2025-09-29T10:13:07","guid":{"rendered":"https:\/\/leren-zonder-grenzen.com\/internationale-grafikgestaltung-design\/"},"modified":"2025-11-11T11:26:48","modified_gmt":"2025-11-11T10:26:48","slug":"internationale-grafikgestaltung-design","status":"publish","type":"post","link":"https:\/\/leren-zonder-grenzen.com\/de\/internationale-grafikgestaltung-design\/","title":{"rendered":"Internationale Grafikgestaltung &amp; Design"},"content":{"rendered":"<p><span data-contrast=\"auto\">Im September letzten Jahres startete die Abteilung E&amp;O von Firda ein internationales Kooperationsprojekt. Die Auszubildenden der Berufsausbildung Marketing und Kommunikation arbeiteten von September bis November mit einer Gruppe deutscher Auszubildender des Berufsschulzentrums am Westerberg in Osnabr\u00fcck zusammen, die sich auf Grafik und Design spezialisiert haben. Ziel dieser internationalen Zusammenarbeit war die Entwicklung eines kompletten Corporate Designs f\u00fcr das eigene Projektb\u00fcro innerhalb von Firda. <\/span> <span data-contrast=\"auto\">Dieses neu zu gr\u00fcndende Projektb\u00fcro innerhalb der Schule bietet Unternehmen aus der Region die M\u00f6glichkeit, mit den Auszubildenden in den Bereichen Social Media, Entwicklung von Websites durch IT-Auszubildende, Gestaltung von Flyern, Logos, Marktforschung und anderen Marketingaktivit\u00e4ten zusammenzuarbeiten. Das Projektb\u00fcro fungiert als Ausbildungsbetrieb, in dem die Auszubildenden ihre F\u00e4higkeiten in der Praxis anwenden k\u00f6nnen. <\/span><\/p>\n<p><span style=\"font-family: inherit;\" data-contrast=\"auto\">In diesem Projekt konzentrierten sich die deutschen Auszubildenden haupts\u00e4chlich auf die Entwicklung eines Markenhandbuch, einschlie\u00dflich eines neuen Logos und eines passenden Corporate Designs. Die Marketing- und Kommunikationsauszubildenden von Firda besch\u00e4ftigen sich haupts\u00e4chlich mit der Durchf\u00fchrung von Marktforschung innerhalb der Schule durch Befragungen von Auszubildenden und Lehrern, sowie mit der Verwaltung der sozialen Medien f\u00fcr das Projektb\u00fcro. <\/span><\/p>\n<p><span data-contrast=\"auto\">Der Auftakt hat mit einer zweit\u00e4gigen Kennenlernrunde begonnen. Die Auszubildenden lernten sich auf unterhaltsame Weise bei einem Escape Room kennen und arbeiteten gemeinsam an den ersten Schritten des Projekts. Au\u00dferdem wurden Bildaufnahmen auf dem Wellerwaard gemacht und die Auszubildenden besuchten CameraNu, wo sie an einem Fotografie Workshop teilnahmen. <\/span><\/p>\n<p><span data-contrast=\"auto\">Im November waren die Auszubildenden bei einem Gegenbesuch in Osnabr\u00fcck, wo sie die endg\u00fcltigen Ergebnisse des Projekts pr\u00e4sentierten. Dieses Projekt bot den Auszubildenden eine einzigartige internationale Lernerfahrung und ist eine wertvolle Erg\u00e4nzung zu ihrer Ausbildung. <\/span><\/p>\n<p><span style=\"font-family: inherit;\" data-contrast=\"auto\">Zum Abschluss des Projekts in Osnabr\u00fcck pr\u00e4sentierten die Gruppen ihre Endergebnisse. Diese bestanden aus den Ergebnissen der Markforschung, einer Brosch\u00fcre, einem Poster, einem Logo und einem Werbevideo. Die Auszubildenden erl\u00e4uterten die Ergebnisse und ihre Vorgehensweise. Au\u00dferdem reflektierten sie die Zusammenarbeit: Was lief gut und was k\u00f6nnte besser sein, was war anders als gewohnt? <\/span><\/p>\n<p><span data-contrast=\"auto\">Die Ergebnisse der drei Gruppen wurden vom Auftraggeber beim Verfassen des Projektplans verwendet. Dieser wurde dem Managementteam vorgestellt. Die gute Nachricht ist, dass das MT den Start des Projektb\u00fcros genehmigt hat. Auch dank der Forschungsergebnisse und der Gestaltung ist es ein Erfolg geworden! <\/span><\/p>\n<p>&nbsp;<\/p>\n","protected":false},"excerpt":{"rendered":"<p>Im September letzten Jahres startete die Abteilung E&amp;O von Firda ein internationales Kooperationsprojekt. Die Auszubildenden der Berufsausbildung Marketing und Kommunikation arbeiteten von September bis November mit einer Gruppe deutscher Auszubildender des Berufsschulzentrums am Westerberg in Osnabr\u00fcck zusammen, die sich auf Grafik und Design spezialisiert haben. Ziel dieser internationalen Zusammenarbeit war die Entwicklung eines kompletten Corporate [&hellip;]<\/p>\n","protected":false},"author":19,"featured_media":3937,"comment_status":"closed","ping_status":"closed","sticky":false,"template":"","format":"standard","meta":{"_acf_changed":false,"footnotes":""},"categories":[45],"tags":[],"class_list":["post-4001","post","type-post","status-publish","format-standard","has-post-thumbnail","hentry","category-bericht"],"acf":[],"yoast_head":"<!-- This site is optimized with the Yoast SEO plugin v27.4 - https:\/\/yoast.com\/product\/yoast-seo-wordpress\/ -->\n<title>Internationale Grafikgestaltung &amp; Design - Lernen ohne Grenzen<\/title>\n<meta name=\"robots\" content=\"index, follow, max-snippet:-1, max-image-preview:large, max-video-preview:-1\" \/>\n<link rel=\"canonical\" href=\"https:\/\/leren-zonder-grenzen.com\/de\/internationale-grafikgestaltung-design\/\" \/>\n<meta property=\"og:locale\" content=\"de_DE\" \/>\n<meta property=\"og:type\" content=\"article\" \/>\n<meta property=\"og:title\" content=\"Internationale Grafikgestaltung &amp; Design - Lernen ohne Grenzen\" \/>\n<meta property=\"og:description\" content=\"Im September letzten Jahres startete die Abteilung E&amp;O von Firda ein internationales Kooperationsprojekt. Die Auszubildenden der Berufsausbildung Marketing und Kommunikation arbeiteten von September bis November mit einer Gruppe deutscher Auszubildender des Berufsschulzentrums am Westerberg in Osnabr\u00fcck zusammen, die sich auf Grafik und Design spezialisiert haben. Ziel dieser internationalen Zusammenarbeit war die Entwicklung eines kompletten Corporate [&hellip;]\" \/>\n<meta property=\"og:url\" content=\"https:\/\/leren-zonder-grenzen.com\/de\/internationale-grafikgestaltung-design\/\" \/>\n<meta property=\"og:site_name\" content=\"Lernen ohne Grenzen\" \/>\n<meta property=\"article:publisher\" content=\"https:\/\/www.facebook.com\/profile.php?id=100047355472830\" \/>\n<meta property=\"article:published_time\" content=\"2025-09-29T10:13:07+00:00\" \/>\n<meta property=\"article:modified_time\" content=\"2025-11-11T10:26:48+00:00\" \/>\n<meta property=\"og:image\" content=\"https:\/\/leren-zonder-grenzen.com\/wp-content\/uploads\/2025\/09\/WhatsApp-Image-2024-12-17-at-14.23.14.jpeg\" \/>\n\t<meta property=\"og:image:width\" content=\"1425\" \/>\n\t<meta property=\"og:image:height\" content=\"923\" \/>\n\t<meta property=\"og:image:type\" content=\"image\/jpeg\" \/>\n<meta name=\"author\" content=\"Bert Dikken\" \/>\n<meta name=\"twitter:card\" content=\"summary_large_image\" \/>\n<meta name=\"twitter:label1\" content=\"Verfasst von\" \/>\n\t<meta name=\"twitter:data1\" content=\"Bert Dikken\" \/>\n\t<meta name=\"twitter:label2\" content=\"Gesch\u00e4tzte Lesezeit\" \/>\n\t<meta name=\"twitter:data2\" content=\"3\u00a0Minuten\" \/>\n<script type=\"application\/ld+json\" class=\"yoast-schema-graph\">{\"@context\":\"https:\\\/\\\/schema.org\",\"@graph\":[{\"@type\":\"Article\",\"@id\":\"https:\\\/\\\/leren-zonder-grenzen.com\\\/de\\\/internationale-grafikgestaltung-design\\\/#article\",\"isPartOf\":{\"@id\":\"https:\\\/\\\/leren-zonder-grenzen.com\\\/de\\\/internationale-grafikgestaltung-design\\\/\"},\"author\":{\"name\":\"Bert Dikken\",\"@id\":\"https:\\\/\\\/leren-zonder-grenzen.com\\\/de\\\/#\\\/schema\\\/person\\\/0f481e6407b46357b471d9ce4454bbf0\"},\"headline\":\"Internationale Grafikgestaltung &amp; Design\",\"datePublished\":\"2025-09-29T10:13:07+00:00\",\"dateModified\":\"2025-11-11T10:26:48+00:00\",\"mainEntityOfPage\":{\"@id\":\"https:\\\/\\\/leren-zonder-grenzen.com\\\/de\\\/internationale-grafikgestaltung-design\\\/\"},\"wordCount\":388,\"publisher\":{\"@id\":\"https:\\\/\\\/leren-zonder-grenzen.com\\\/de\\\/#organization\"},\"image\":{\"@id\":\"https:\\\/\\\/leren-zonder-grenzen.com\\\/de\\\/internationale-grafikgestaltung-design\\\/#primaryimage\"},\"thumbnailUrl\":\"https:\\\/\\\/leren-zonder-grenzen.com\\\/wp-content\\\/uploads\\\/2025\\\/09\\\/WhatsApp-Image-2024-12-17-at-14.23.14.jpeg\",\"articleSection\":[\"Nachricht\"],\"inLanguage\":\"de\"},{\"@type\":\"WebPage\",\"@id\":\"https:\\\/\\\/leren-zonder-grenzen.com\\\/de\\\/internationale-grafikgestaltung-design\\\/\",\"url\":\"https:\\\/\\\/leren-zonder-grenzen.com\\\/de\\\/internationale-grafikgestaltung-design\\\/\",\"name\":\"Internationale Grafikgestaltung &amp; Design - Lernen ohne Grenzen\",\"isPartOf\":{\"@id\":\"https:\\\/\\\/leren-zonder-grenzen.com\\\/de\\\/#website\"},\"primaryImageOfPage\":{\"@id\":\"https:\\\/\\\/leren-zonder-grenzen.com\\\/de\\\/internationale-grafikgestaltung-design\\\/#primaryimage\"},\"image\":{\"@id\":\"https:\\\/\\\/leren-zonder-grenzen.com\\\/de\\\/internationale-grafikgestaltung-design\\\/#primaryimage\"},\"thumbnailUrl\":\"https:\\\/\\\/leren-zonder-grenzen.com\\\/wp-content\\\/uploads\\\/2025\\\/09\\\/WhatsApp-Image-2024-12-17-at-14.23.14.jpeg\",\"datePublished\":\"2025-09-29T10:13:07+00:00\",\"dateModified\":\"2025-11-11T10:26:48+00:00\",\"breadcrumb\":{\"@id\":\"https:\\\/\\\/leren-zonder-grenzen.com\\\/de\\\/internationale-grafikgestaltung-design\\\/#breadcrumb\"},\"inLanguage\":\"de\",\"potentialAction\":[{\"@type\":\"ReadAction\",\"target\":[\"https:\\\/\\\/leren-zonder-grenzen.com\\\/de\\\/internationale-grafikgestaltung-design\\\/\"]}]},{\"@type\":\"ImageObject\",\"inLanguage\":\"de\",\"@id\":\"https:\\\/\\\/leren-zonder-grenzen.com\\\/de\\\/internationale-grafikgestaltung-design\\\/#primaryimage\",\"url\":\"https:\\\/\\\/leren-zonder-grenzen.com\\\/wp-content\\\/uploads\\\/2025\\\/09\\\/WhatsApp-Image-2024-12-17-at-14.23.14.jpeg\",\"contentUrl\":\"https:\\\/\\\/leren-zonder-grenzen.com\\\/wp-content\\\/uploads\\\/2025\\\/09\\\/WhatsApp-Image-2024-12-17-at-14.23.14.jpeg\",\"width\":1425,\"height\":923},{\"@type\":\"BreadcrumbList\",\"@id\":\"https:\\\/\\\/leren-zonder-grenzen.com\\\/de\\\/internationale-grafikgestaltung-design\\\/#breadcrumb\",\"itemListElement\":[{\"@type\":\"ListItem\",\"position\":1,\"name\":\"Home\",\"item\":\"https:\\\/\\\/leren-zonder-grenzen.com\\\/de\\\/home\\\/\"},{\"@type\":\"ListItem\",\"position\":2,\"name\":\"Internationale Grafikgestaltung &amp; Design\"}]},{\"@type\":\"WebSite\",\"@id\":\"https:\\\/\\\/leren-zonder-grenzen.com\\\/de\\\/#website\",\"url\":\"https:\\\/\\\/leren-zonder-grenzen.com\\\/de\\\/\",\"name\":\"Lernen ohne Grenzen\",\"description\":\"Grenzenlos entdecken\",\"publisher\":{\"@id\":\"https:\\\/\\\/leren-zonder-grenzen.com\\\/de\\\/#organization\"},\"alternateName\":\"LZG\",\"potentialAction\":[{\"@type\":\"SearchAction\",\"target\":{\"@type\":\"EntryPoint\",\"urlTemplate\":\"https:\\\/\\\/leren-zonder-grenzen.com\\\/de\\\/?s={search_term_string}\"},\"query-input\":{\"@type\":\"PropertyValueSpecification\",\"valueRequired\":true,\"valueName\":\"search_term_string\"}}],\"inLanguage\":\"de\"},{\"@type\":\"Organization\",\"@id\":\"https:\\\/\\\/leren-zonder-grenzen.com\\\/de\\\/#organization\",\"name\":\"Leren zonder grenzen\",\"alternateName\":\"LZG\",\"url\":\"https:\\\/\\\/leren-zonder-grenzen.com\\\/de\\\/\",\"logo\":{\"@type\":\"ImageObject\",\"inLanguage\":\"de\",\"@id\":\"https:\\\/\\\/leren-zonder-grenzen.com\\\/de\\\/#\\\/schema\\\/logo\\\/image\\\/\",\"url\":\"https:\\\/\\\/leren-zonder-grenzen.com\\\/wp-content\\\/uploads\\\/2022\\\/12\\\/header-logo-leren-zonder-grenzen.svg\",\"contentUrl\":\"https:\\\/\\\/leren-zonder-grenzen.com\\\/wp-content\\\/uploads\\\/2022\\\/12\\\/header-logo-leren-zonder-grenzen.svg\",\"width\":126,\"height\":181,\"caption\":\"Leren zonder grenzen\"},\"image\":{\"@id\":\"https:\\\/\\\/leren-zonder-grenzen.com\\\/de\\\/#\\\/schema\\\/logo\\\/image\\\/\"},\"sameAs\":[\"https:\\\/\\\/www.facebook.com\\\/profile.php?id=100047355472830\"]},{\"@type\":\"Person\",\"@id\":\"https:\\\/\\\/leren-zonder-grenzen.com\\\/de\\\/#\\\/schema\\\/person\\\/0f481e6407b46357b471d9ce4454bbf0\",\"name\":\"Bert Dikken\",\"image\":{\"@type\":\"ImageObject\",\"inLanguage\":\"de\",\"@id\":\"https:\\\/\\\/secure.gravatar.com\\\/avatar\\\/01517c9316faa082c0a02abe3c75e9182c4fe2de24f59c9afe3ca48a8d87b3b9?s=96&d=mm&r=g\",\"url\":\"https:\\\/\\\/secure.gravatar.com\\\/avatar\\\/01517c9316faa082c0a02abe3c75e9182c4fe2de24f59c9afe3ca48a8d87b3b9?s=96&d=mm&r=g\",\"contentUrl\":\"https:\\\/\\\/secure.gravatar.com\\\/avatar\\\/01517c9316faa082c0a02abe3c75e9182c4fe2de24f59c9afe3ca48a8d87b3b9?s=96&d=mm&r=g\",\"caption\":\"Bert Dikken\"}}]}<\/script>\n<!-- \/ Yoast SEO plugin. -->","yoast_head_json":{"title":"Internationale Grafikgestaltung &amp; Design - Lernen ohne Grenzen","robots":{"index":"index","follow":"follow","max-snippet":"max-snippet:-1","max-image-preview":"max-image-preview:large","max-video-preview":"max-video-preview:-1"},"canonical":"https:\/\/leren-zonder-grenzen.com\/de\/internationale-grafikgestaltung-design\/","og_locale":"de_DE","og_type":"article","og_title":"Internationale Grafikgestaltung &amp; Design - Lernen ohne Grenzen","og_description":"Im September letzten Jahres startete die Abteilung E&amp;O von Firda ein internationales Kooperationsprojekt. Die Auszubildenden der Berufsausbildung Marketing und Kommunikation arbeiteten von September bis November mit einer Gruppe deutscher Auszubildender des Berufsschulzentrums am Westerberg in Osnabr\u00fcck zusammen, die sich auf Grafik und Design spezialisiert haben. Ziel dieser internationalen Zusammenarbeit war die Entwicklung eines kompletten Corporate [&hellip;]","og_url":"https:\/\/leren-zonder-grenzen.com\/de\/internationale-grafikgestaltung-design\/","og_site_name":"Lernen ohne Grenzen","article_publisher":"https:\/\/www.facebook.com\/profile.php?id=100047355472830","article_published_time":"2025-09-29T10:13:07+00:00","article_modified_time":"2025-11-11T10:26:48+00:00","og_image":[{"width":1425,"height":923,"url":"https:\/\/leren-zonder-grenzen.com\/wp-content\/uploads\/2025\/09\/WhatsApp-Image-2024-12-17-at-14.23.14.jpeg","type":"image\/jpeg"}],"author":"Bert Dikken","twitter_card":"summary_large_image","twitter_misc":{"Verfasst von":"Bert Dikken","Gesch\u00e4tzte Lesezeit":"3\u00a0Minuten"},"schema":{"@context":"https:\/\/schema.org","@graph":[{"@type":"Article","@id":"https:\/\/leren-zonder-grenzen.com\/de\/internationale-grafikgestaltung-design\/#article","isPartOf":{"@id":"https:\/\/leren-zonder-grenzen.com\/de\/internationale-grafikgestaltung-design\/"},"author":{"name":"Bert Dikken","@id":"https:\/\/leren-zonder-grenzen.com\/de\/#\/schema\/person\/0f481e6407b46357b471d9ce4454bbf0"},"headline":"Internationale Grafikgestaltung &amp; Design","datePublished":"2025-09-29T10:13:07+00:00","dateModified":"2025-11-11T10:26:48+00:00","mainEntityOfPage":{"@id":"https:\/\/leren-zonder-grenzen.com\/de\/internationale-grafikgestaltung-design\/"},"wordCount":388,"publisher":{"@id":"https:\/\/leren-zonder-grenzen.com\/de\/#organization"},"image":{"@id":"https:\/\/leren-zonder-grenzen.com\/de\/internationale-grafikgestaltung-design\/#primaryimage"},"thumbnailUrl":"https:\/\/leren-zonder-grenzen.com\/wp-content\/uploads\/2025\/09\/WhatsApp-Image-2024-12-17-at-14.23.14.jpeg","articleSection":["Nachricht"],"inLanguage":"de"},{"@type":"WebPage","@id":"https:\/\/leren-zonder-grenzen.com\/de\/internationale-grafikgestaltung-design\/","url":"https:\/\/leren-zonder-grenzen.com\/de\/internationale-grafikgestaltung-design\/","name":"Internationale Grafikgestaltung &amp; Design - Lernen ohne Grenzen","isPartOf":{"@id":"https:\/\/leren-zonder-grenzen.com\/de\/#website"},"primaryImageOfPage":{"@id":"https:\/\/leren-zonder-grenzen.com\/de\/internationale-grafikgestaltung-design\/#primaryimage"},"image":{"@id":"https:\/\/leren-zonder-grenzen.com\/de\/internationale-grafikgestaltung-design\/#primaryimage"},"thumbnailUrl":"https:\/\/leren-zonder-grenzen.com\/wp-content\/uploads\/2025\/09\/WhatsApp-Image-2024-12-17-at-14.23.14.jpeg","datePublished":"2025-09-29T10:13:07+00:00","dateModified":"2025-11-11T10:26:48+00:00","breadcrumb":{"@id":"https:\/\/leren-zonder-grenzen.com\/de\/internationale-grafikgestaltung-design\/#breadcrumb"},"inLanguage":"de","potentialAction":[{"@type":"ReadAction","target":["https:\/\/leren-zonder-grenzen.com\/de\/internationale-grafikgestaltung-design\/"]}]},{"@type":"ImageObject","inLanguage":"de","@id":"https:\/\/leren-zonder-grenzen.com\/de\/internationale-grafikgestaltung-design\/#primaryimage","url":"https:\/\/leren-zonder-grenzen.com\/wp-content\/uploads\/2025\/09\/WhatsApp-Image-2024-12-17-at-14.23.14.jpeg","contentUrl":"https:\/\/leren-zonder-grenzen.com\/wp-content\/uploads\/2025\/09\/WhatsApp-Image-2024-12-17-at-14.23.14.jpeg","width":1425,"height":923},{"@type":"BreadcrumbList","@id":"https:\/\/leren-zonder-grenzen.com\/de\/internationale-grafikgestaltung-design\/#breadcrumb","itemListElement":[{"@type":"ListItem","position":1,"name":"Home","item":"https:\/\/leren-zonder-grenzen.com\/de\/home\/"},{"@type":"ListItem","position":2,"name":"Internationale Grafikgestaltung &amp; Design"}]},{"@type":"WebSite","@id":"https:\/\/leren-zonder-grenzen.com\/de\/#website","url":"https:\/\/leren-zonder-grenzen.com\/de\/","name":"Lernen ohne Grenzen","description":"Grenzenlos entdecken","publisher":{"@id":"https:\/\/leren-zonder-grenzen.com\/de\/#organization"},"alternateName":"LZG","potentialAction":[{"@type":"SearchAction","target":{"@type":"EntryPoint","urlTemplate":"https:\/\/leren-zonder-grenzen.com\/de\/?s={search_term_string}"},"query-input":{"@type":"PropertyValueSpecification","valueRequired":true,"valueName":"search_term_string"}}],"inLanguage":"de"},{"@type":"Organization","@id":"https:\/\/leren-zonder-grenzen.com\/de\/#organization","name":"Leren zonder grenzen","alternateName":"LZG","url":"https:\/\/leren-zonder-grenzen.com\/de\/","logo":{"@type":"ImageObject","inLanguage":"de","@id":"https:\/\/leren-zonder-grenzen.com\/de\/#\/schema\/logo\/image\/","url":"https:\/\/leren-zonder-grenzen.com\/wp-content\/uploads\/2022\/12\/header-logo-leren-zonder-grenzen.svg","contentUrl":"https:\/\/leren-zonder-grenzen.com\/wp-content\/uploads\/2022\/12\/header-logo-leren-zonder-grenzen.svg","width":126,"height":181,"caption":"Leren zonder grenzen"},"image":{"@id":"https:\/\/leren-zonder-grenzen.com\/de\/#\/schema\/logo\/image\/"},"sameAs":["https:\/\/www.facebook.com\/profile.php?id=100047355472830"]},{"@type":"Person","@id":"https:\/\/leren-zonder-grenzen.com\/de\/#\/schema\/person\/0f481e6407b46357b471d9ce4454bbf0","name":"Bert Dikken","image":{"@type":"ImageObject","inLanguage":"de","@id":"https:\/\/secure.gravatar.com\/avatar\/01517c9316faa082c0a02abe3c75e9182c4fe2de24f59c9afe3ca48a8d87b3b9?s=96&d=mm&r=g","url":"https:\/\/secure.gravatar.com\/avatar\/01517c9316faa082c0a02abe3c75e9182c4fe2de24f59c9afe3ca48a8d87b3b9?s=96&d=mm&r=g","contentUrl":"https:\/\/secure.gravatar.com\/avatar\/01517c9316faa082c0a02abe3c75e9182c4fe2de24f59c9afe3ca48a8d87b3b9?s=96&d=mm&r=g","caption":"Bert Dikken"}}]}},"_links":{"self":[{"href":"https:\/\/leren-zonder-grenzen.com\/de\/wp-json\/wp\/v2\/posts\/4001","targetHints":{"allow":["GET"]}}],"collection":[{"href":"https:\/\/leren-zonder-grenzen.com\/de\/wp-json\/wp\/v2\/posts"}],"about":[{"href":"https:\/\/leren-zonder-grenzen.com\/de\/wp-json\/wp\/v2\/types\/post"}],"author":[{"embeddable":true,"href":"https:\/\/leren-zonder-grenzen.com\/de\/wp-json\/wp\/v2\/users\/19"}],"replies":[{"embeddable":true,"href":"https:\/\/leren-zonder-grenzen.com\/de\/wp-json\/wp\/v2\/comments?post=4001"}],"version-history":[{"count":3,"href":"https:\/\/leren-zonder-grenzen.com\/de\/wp-json\/wp\/v2\/posts\/4001\/revisions"}],"predecessor-version":[{"id":4007,"href":"https:\/\/leren-zonder-grenzen.com\/de\/wp-json\/wp\/v2\/posts\/4001\/revisions\/4007"}],"wp:featuredmedia":[{"embeddable":true,"href":"https:\/\/leren-zonder-grenzen.com\/de\/wp-json\/wp\/v2\/media\/3937"}],"wp:attachment":[{"href":"https:\/\/leren-zonder-grenzen.com\/de\/wp-json\/wp\/v2\/media?parent=4001"}],"wp:term":[{"taxonomy":"category","embeddable":true,"href":"https:\/\/leren-zonder-grenzen.com\/de\/wp-json\/wp\/v2\/categories?post=4001"},{"taxonomy":"post_tag","embeddable":true,"href":"https:\/\/leren-zonder-grenzen.com\/de\/wp-json\/wp\/v2\/tags?post=4001"}],"curies":[{"name":"wp","href":"https:\/\/api.w.org\/{rel}","templated":true}]}}